{"id":75,"date":"2013-12-18T01:34:22","date_gmt":"2013-12-18T00:34:22","guid":{"rendered":"https:\/\/charlottejahnz.de\/?p=75"},"modified":"2013-12-18T01:34:22","modified_gmt":"2013-12-18T00:34:22","slug":"frauenzeitschriften-und-geschichte","status":"publish","type":"post","link":"https:\/\/charlottejahnz.de\/?p=75","title":{"rendered":"Frauenzeitschriften und Geschichte"},"content":{"rendered":"<p style=\"text-align: justify;\">Als das ZDF ank\u00fcndigte eine &#8220;Geschichte der Frauen&#8221; schreiben zu wollen, wurde ich hellh\u00f6rig. Guido Knopp hatte sich ja schon an &#8220;den Deutschen&#8221; abgearbeitet. ((Karl der Gro\u00dfe ist bei Knopp beispielsweise auch &#8220;Deutscher&#8221; &#8211; was wohl die Franzosen mit dieser Deutung &#8220;ihres&#8221; Charlemagne anfangen?)) W\u00e4hrend die erste Staffel der &#8220;Deutschen&#8221; nur mit M\u00e4nnern auskam, \u00fcberwand man sich in der zweiten Staffel und erh\u00f6hte den Frauenanteil bei zehn Ausgaben von 0 auf 20 Prozent, indem man Rosa Luxemburg und Hildegard von Bingen mitspielen lie\u00df.<!--more--><\/p>\n<p style=\"text-align: justify;\">Nun also eine Geschichte mit 100 Prozent Frauen. Wow. Nicht so wow ist das, was daraus wurde. Man wich zwar von der &#8220;deutschen&#8221; Geschichte ab, aber die behandelten Frauen d\u00fcrften (ausgenommen evtl. Luise von Preu\u00dfen) weitestgehend bekannt sein. Statt also die Biographien von Frauen darzustellen, die m\u00f6glicher Weise eher unbekannt sind, griff man zu den Topsellerinnen. Cleopatra, Jeanne d&#8217;Arc, Elisabeth I., Katharina die Gro\u00dfe, Luise von Preu\u00dfen und Sophie Scholl sind f\u00fcr das ZDF &#8220;Frauen, die Geschichte machten&#8221;. Die Werbekampagne, die das ZDF f\u00fcr die Reihe herausgab, spricht f\u00fcr sich.<\/p>\n<figure id=\"attachment_77\" aria-describedby=\"caption-attachment-77\" style=\"width: 225px\" class=\"wp-caption aligncenter\"><a href=\"https:\/\/charlottejahnz.de\/wp-content\/uploads\/2013\/12\/photo-2.jpg\" data-lightbox=\"gal[75]\"><img loading=\"lazy\" class=\"size-medium wp-image-77 \" alt=\"photo (2)\" src=\"https:\/\/charlottejahnz.de\/wp-content\/uploads\/2013\/12\/photo-2-225x300.jpg\" width=\"225\" height=\"300\" \/><\/a><figcaption id=\"caption-attachment-77\" class=\"wp-caption-text\">Teil der Werbekampagne f\u00fcr &#8220;Frauen die Geschichte machten&#8221;.<\/figcaption><\/figure>\n<p style=\"text-align: justify;\">Der Text der Anzeige lie\u00df schon erahnen, was man von der Folge \u00fcber Elizabeth I. erwarten konnte. In der Manier der g\u00e4ngigen Frauenzeitschriften (der Titel dieser fiktiven Zeitschrift orientiert sich anscheinend an Titeln wie &#8220;Maxi&#8221;, &#8220;Brigitte&#8221; oder &#8220;Petra&#8221;) versuchte man f\u00fcr die Folge zu begeistern. Typisch [sic!] weibliche Attribute wurden verwendet. M\u00e4chtige Frauen sind Zicken (und auch hier &#8220;Nur eine kann die Chefin sein&#8221;, vgl. &#8220;Nur eine kann Germany&#8217;s next Topmodel werden!&#8221;). Frau kann auch als Single m\u00e4chtig sein, die \u00dcberschrift &#8220;I love England&#8221; \u00fcber &#8220;Lieber Single&#8221; suggeriert allerdings, dass die &#8220;Ehe mit einem Empire&#8221; dann keine Familie zul\u00e4sst. Bliebe die Frage, wie eine M\u00e4nnerzeitschriftausgabe f\u00fcr &#8220;M\u00e4nner, die Geschichte machten&#8221; aussehen w\u00fcrde.<\/p>\n<figure id=\"attachment_93\" aria-describedby=\"caption-attachment-93\" style=\"width: 201px\" class=\"wp-caption aligncenter\"><a href=\"https:\/\/charlottejahnz.de\/wp-content\/uploads\/2013\/12\/bissmag2.jpg\" data-lightbox=\"gal[75]\"><img loading=\"lazy\" class=\"size-medium wp-image-93 \" alt=\"bissmag\" src=\"https:\/\/charlottejahnz.de\/wp-content\/uploads\/2013\/12\/bissmag2-201x300.jpg\" width=\"201\" height=\"300\" \/><\/a><figcaption id=\"caption-attachment-93\" class=\"wp-caption-text\">Vielleicht so?<br \/>Bild: Bundesarchiv, Bild 183-R68588 \/ <a href=\"https:\/\/creativecommons.org\/licenses\/by-sa\/3.0\/de\/deed.en\">CC-BY-SA<\/a>\u00a0| Schrift erg\u00e4nzt durch die Autorin<\/figcaption><\/figure>\n<p style=\"text-align: justify;\">Alle Folgen habe ich mir noch nicht angeschaut, die Folge \u00fcber Jeanne d&#8217;Arc fand ich schrecklich, die \u00fcber Sophie Scholl dann schon gelungener. Sollte ich \u00fcber die Weihnachtstage Zeit haben alle anzuschauen, schreibe ich wom\u00f6glich eine umfassendere Kritik.\u00a0Wer \u00fcber Weihnachten auch Langeweile hat, kann sich alle Folgen der Reihe <a href=\"https:\/\/frauendergeschichte.zdf.de\/\">hier<\/a>\u00a0anschauen. Aufgrund <del>von Depluzierungs-Vorschriften<\/del>\u00a0der Depublikations-Pflicht d\u00fcrften die Folgen allerdings nicht allzu lange online stehen.<\/p>\n<p style=\"text-align: justify;\">\n<div class=\"twoclick_social_bookmarks_post_75 social_share_privacy clearfix 1.6.4 locale-de_DE sprite-de_DE\"><\/div><div class=\"twoclick-js\"><script type=\"text\/javascript\">\/* <![CDATA[ *\/\njQuery(document).ready(function($){if($('.twoclick_social_bookmarks_post_75')){$('.twoclick_social_bookmarks_post_75').socialSharePrivacy({\"services\":{\"facebook\":{\"status\":\"on\",\"txt_info\":\"2 Klicks f\\u00fcr mehr Datenschutz: Erst wenn Sie hier klicken, wird der Button aktiv und Sie k\\u00f6nnen Ihre Empfehlung an Facebook senden. Schon beim Aktivieren werden Daten an Dritte \\u00fcbertragen - siehe <em>i<\\\/em>.\",\"perma_option\":\"off\",\"action\":\"recommend\",\"language\":\"de_DE\"},\"twitter\":{\"reply_to\":\"\",\"tweet_text\":\"%20Frauenzeitschriften%20und%20Geschichte%20%C2%BB%20Geschichte%20schreiben%20%23Frauen%20%23Frauenzeitschrift%20...\",\"status\":\"on\",\"txt_info\":\"2 Klicks f\\u00fcr mehr Datenschutz: Erst wenn Sie hier klicken, wird der Button aktiv und Sie k\\u00f6nnen Ihre Empfehlung an Twitter senden. Schon beim Aktivieren werden Daten an Dritte \\u00fcbertragen - siehe <em>i<\\\/em>.\",\"perma_option\":\"off\",\"language\":\"de\",\"referrer_track\":\"\"},\"gplus\":{\"status\":\"on\",\"txt_info\":\"2 Klicks f\\u00fcr mehr Datenschutz: Erst wenn Sie hier klicken, wird der Button aktiv und Sie k\\u00f6nnen Ihre Empfehlung an Google+ senden. Schon beim Aktivieren werden Daten an Dritte \\u00fcbertragen - siehe <em>i<\\\/em>.\",\"perma_option\":\"off\",\"referrer_track\":\"\"}},\"txt_help\":\"Wenn Sie diese Felder durch einen Klick aktivieren, werden Informationen an Facebook, Twitter, Flattr, Xing, t3n, LinkedIn, Pinterest oder Google eventuell ins Ausland \\u00fcbertragen und unter Umst\\u00e4nden auch dort gespeichert. N\\u00e4heres erfahren Sie durch einen Klick auf das <em>i<\\\/em>.\",\"settings_perma\":\"Dauerhaft aktivieren und Daten\\u00fcber-tragung zustimmen:\",\"info_link\":\"https:\\\/\\\/www.heise.de\\\/ct\\\/artikel\\\/2-Klicks-fuer-mehr-Datenschutz-1333879.html\",\"uri\":\"https:\\\/\\\/charlottejahnz.de\\\/?p=75\",\"post_id\":75,\"post_title_referrer_track\":\"Frauenzeitschriften+und+Geschichte\",\"display_infobox\":\"on\"});}});\n\/* ]]> *\/<\/script><\/div>","protected":false},"excerpt":{"rendered":"<p>Als das ZDF ank\u00fcndigte eine &#8220;Geschichte der Frauen&#8221; schreiben zu wollen, wurde ich hellh\u00f6rig. Guido Knopp hatte sich ja schon an &#8220;den Deutschen&#8221; abgearbeitet. ((Karl der Gro\u00dfe ist bei Knopp beispielsweise auch &#8220;Deutscher&#8221; &#8211; was wohl die Franzosen mit dieser Deutung &#8220;ihres&#8221; Charlemagne anfangen?)) W\u00e4hrend die erste Staffel der &#8220;Deutschen&#8221; nur mit M\u00e4nnern auskam, \u00fcberwand man sich in der zweiten Staffel und erh\u00f6hte den Frauenanteil bei zehn Ausgaben von 0 auf 20 Prozent, indem man Rosa Luxemburg und Hildegard von Bingen mitspielen lie\u00df.<\/p>\n","protected":false},"author":1,"featured_media":0,"comment_status":"open","ping_status":"open","sticky":false,"template":"","format":"standard","meta":[],"categories":[5],"tags":[27,28,62,35,48,51],"_links":{"self":[{"href":"https:\/\/charlottejahnz.de\/index.php?rest_route=\/wp\/v2\/posts\/75"}],"collection":[{"href":"https:\/\/charlottejahnz.de\/index.php?rest_route=\/wp\/v2\/posts"}],"about":[{"href":"https:\/\/charlottejahnz.de\/index.php?rest_route=\/wp\/v2\/types\/post"}],"author":[{"embeddable":true,"href":"https:\/\/charlottejahnz.de\/index.php?rest_route=\/wp\/v2\/users\/1"}],"replies":[{"embeddable":true,"href":"https:\/\/charlottejahnz.de\/index.php?rest_route=%2Fwp%2Fv2%2Fcomments&post=75"}],"version-history":[{"count":0,"href":"https:\/\/charlottejahnz.de\/index.php?rest_route=\/wp\/v2\/posts\/75\/revisions"}],"wp:attachment":[{"href":"https:\/\/charlottejahnz.de\/index.php?rest_route=%2Fwp%2Fv2%2Fmedia&parent=75"}],"wp:term":[{"taxonomy":"category","embeddable":true,"href":"https:\/\/charlottejahnz.de\/index.php?rest_route=%2Fwp%2Fv2%2Fcategories&post=75"},{"taxonomy":"post_tag","embeddable":true,"href":"https:\/\/charlottejahnz.de\/index.php?rest_route=%2Fwp%2Fv2%2Ftags&post=75"}],"curies":[{"name":"wp","href":"https:\/\/api.w.org\/{rel}","templated":true}]}}